{"id":12691,"date":"2022-11-15T11:18:57","date_gmt":"2022-11-15T11:18:57","guid":{"rendered":"https:\/\/vansichen.be\/?p=12691"},"modified":"2022-11-22T11:00:12","modified_gmt":"2022-11-22T11:00:12","slug":"vansichen-neuem-firmengebaude","status":"publish","type":"post","link":"https:\/\/vansichen.be\/de\/neuigkeiten\/vansichen-neuem-firmengebaude","title":{"rendered":"Vansichen setzt Wachstum mit neuem Firmengeb\u00e4ude fort"},"content":{"rendered":"<div class=\"wpb-content-wrapper\"><p>[vc_row][vc_column width=&#8220;2\/3&#8243;][vc_column_text]<em>Das auf lineare Bewegungen spezialisierte Unternehmen Vansichen Linear Technology zieht um. Es tauscht seine R\u00e4umlichkeiten am Ring von Hasselt gegen eine ehemalige Waffelfabrik in der Bedrijfsstraat in Kiewit. Das Unternehmen m\u00f6chte sein B\u00fcro und sein Lager, die derzeit mehrere Kilometer voneinander entfernt sind, unter einem Dach vereinen. Vansichen plant, im Herbst 2023 dort einzuziehen.<\/em><\/p>\n<p><strong>Starkes Wachstum<\/strong><\/p>\n<p>Seit 2008 ist Vansichen eine feste Gr\u00f6\u00dfe auf dem gro\u00dfen Ring um Hasselt. Vansichen ist auf die Nische der Lineartechnik spezialisiert. Genauer gesagt verkauft es Komponenten f\u00fcr die Lineartechnik verschiedener Marken sowie selbst entworfene Systeme. Im Laufe der Zeit hat Vansichen sein Angebot um Portalroboter und Verfahrachsen f\u00fcr Roboter erweitert.<\/p>\n<p>Bis 2018 wurde der Lagerbetrieb an eine Drittfirma ausgelagert. In den letzten vier Jahren wurde dann ein Lagerhaus angemietet und alles in Eigenregie abgewickelt.<\/p>\n<p>Vansichen wollte sein Wachstum fortsetzen und suchte nach neuen R\u00e4umlichkeiten, die dies erm\u00f6glichten und in denen alle Aktivit\u00e4ten (B\u00fcro und Lager) zusammengef\u00fchrt werden konnten. Unter Ber\u00fccksichtigung des Personals grenzte Vansichen das Suchgebiet auf Hasselt ein. Die Wahl fiel schlie\u00dflich auf eine ehemalige Waffelfabrik.<\/p>\n<p><strong>Bedrijfsstraat 28<\/strong><\/p>\n<p>Die Immobilie befindet sich in der Bedrijfsstraat im Gewerbegebiet Kiewit. Es ist auch nur einen Steinwurf vom Corda Campus entfernt, einem Hotspot f\u00fcr (Start-up-)Unternehmen. Das Gel\u00e4nde ist 48 Ar gro\u00df und besteht aus einer Produktionshalle aus den 1990er Jahren und einem Wohn- und B\u00fcrogeb\u00e4ude aus den 1960er Jahren. Die neueste Halle wurde renoviert und ged\u00e4mmt, sodass der Umzug des Lagers bereits im Sommer 2021 stattfinden konnte. Nach den Abrissarbeiten der \u00e4lteren Teile begann Vansichen Mitte Oktober 2022 mit dem Bau der neuen zus\u00e4tzlichen Halle und der B\u00fcros. Die neuen B\u00fcros werden etwa 1.200 m\u00b2 gro\u00df sein. Dort k\u00f6nnen etwa 40 Angestellte besch\u00e4ftigt werden. Heute sind bei Vansichen 25 Mitarbeitende besch\u00e4ftigt. Die zus\u00e4tzliche Halle wird die Lagerfl\u00e4che auf 1.300 m\u00b2 vergr\u00f6\u00dfern.<\/p>\n<p><strong>Die Zukunft annehmen<\/strong><\/p>\n<p>Es ist sicherlich nicht selbstverst\u00e4ndlich, solche Investitionen unter den derzeitigen Umst\u00e4nden zu t\u00e4tigen. Steigende Materialpreise im Baugewerbe, steigende Gas- und Energiepreise, hohe Inflation, sinkende Kaufkraft\u00a0\u2013\u00a0diese Investition unterstreicht die gute Gesundheit und die ehrgeizigen Wachstumsziele von Vansichen. Mit dieser Investition ist Vansichen gewappnet, um das auch in den kommenden Jahren erwartete Wachstum zu bew\u00e4ltigen und fortzusetzen. Das Gesamtprojekt umfasst eine Investition von rund 4 Millionen Euro.[\/vc_column_text][vc_row_inner][vc_column_inner width=&#8220;1\/2&#8243;][vc_single_image image=&#8220;12724&#8243; img_size=&#8220;full&#8220; onclick=&#8220;link_image&#8220;][\/vc_column_inner][vc_column_inner width=&#8220;1\/2&#8243;][vc_single_image image=&#8220;12874&#8243; img_size=&#8220;full&#8220; onclick=&#8220;link_image&#8220;][\/vc_column_inner][\/vc_row_inner][vc_column_text]<strong>Pieter Vansichen, Vera, Thomas Vansichen, Maxime Vansichen<\/strong>[\/vc_column_text][\/vc_column][vc_column width=&#8220;1\/6&#8243;][\/vc_column][vc_column width=&#8220;1\/6&#8243;][\/vc_column][\/vc_row]<\/p>\n<\/div>","protected":false},"excerpt":{"rendered":"<p>[vc_row][vc_column width=&#8220;2\/3&#8243;][vc_column_text]Das auf lineare Bewegungen spezialisierte Unternehmen Vansichen Linear Technology zieht um. Es tauscht seine R\u00e4umlichkeiten am Ring von Hasselt<span class=\"excerpt-hellip\"> [\u2026]<\/span><\/p>\n","protected":false},"author":4,"featured_media":12724,"comment_status":"open","ping_status":"open","sticky":false,"template":"","format":"standard","meta":{"inline_featured_image":false,"footnotes":""},"categories":[42],"tags":[],"class_list":["post-12691","post","type-post","status-publish","format-standard","has-post-thumbnail","hentry","category-neuigkeiten"],"yoast_head":"<!-- This site is optimized with the Yoast SEO plugin v26.8 - https:\/\/yoast.com\/product\/yoast-seo-wordpress\/ -->\n<title>Vansichen setzt Wachstum mit neuem Firmengeb\u00e4ude fort<\/title>\n<meta name=\"description\" content=\"Vansichen zieht um. Es tauscht seine R\u00e4umlichkeiten am Ring von Hasselt gegen der Bedrijfsstraat in Kiewit. Mehr lesen!\" \/>\n<meta name=\"robots\" content=\"index, follow, max-snippet:-1, max-image-preview:large, max-video-preview:-1\" \/>\n<link rel=\"canonical\" href=\"https:\/\/vansichen.be\/de\/neuigkeiten\/vansichen-neuem-firmengebaude\/\" \/>\n<meta property=\"og:locale\" content=\"de_DE\" \/>\n<meta property=\"og:type\" content=\"article\" \/>\n<meta property=\"og:title\" content=\"Vansichen setzt Wachstum mit neuem Firmengeb\u00e4ude fort\" \/>\n<meta property=\"og:description\" content=\"Vansichen zieht um. Es tauscht seine R\u00e4umlichkeiten am Ring von Hasselt gegen der Bedrijfsstraat in Kiewit. Mehr lesen!\" \/>\n<meta property=\"og:url\" content=\"https:\/\/vansichen.be\/de\/neuigkeiten\/vansichen-neuem-firmengebaude\/\" \/>\n<meta property=\"og:site_name\" content=\"Vansichen Linear Technology\" \/>\n<meta property=\"article:published_time\" content=\"2022-11-15T11:18:57+00:00\" \/>\n<meta property=\"article:modified_time\" content=\"2022-11-22T11:00:12+00:00\" \/>\n<meta property=\"og:image\" content=\"https:\/\/vansichen.be\/wp-content\/uploads\/2022\/11\/Foto-vlnr-Pieter-Vera-Thomas-Maxime-3.jpg\" \/>\n\t<meta property=\"og:image:width\" content=\"1920\" \/>\n\t<meta property=\"og:image:height\" content=\"1440\" \/>\n\t<meta property=\"og:image:type\" content=\"image\/jpeg\" \/>\n<meta name=\"author\" content=\"Lore\" \/>\n<meta name=\"twitter:card\" content=\"summary_large_image\" \/>\n<meta name=\"twitter:label1\" content=\"Verfasst von\" \/>\n\t<meta name=\"twitter:data1\" content=\"Lore\" \/>\n\t<meta name=\"twitter:label2\" content=\"Gesch\u00e4tzte Lesezeit\" \/>\n\t<meta name=\"twitter:data2\" content=\"2\u00a0Minuten\" \/>\n<script type=\"application\/ld+json\" class=\"yoast-schema-graph\">{\"@context\":\"https:\/\/schema.org\",\"@graph\":[{\"@type\":\"Article\",\"@id\":\"https:\/\/vansichen.be\/de\/neuigkeiten\/vansichen-neuem-firmengebaude\/#article\",\"isPartOf\":{\"@id\":\"https:\/\/vansichen.be\/de\/neuigkeiten\/vansichen-neuem-firmengebaude\/\"},\"author\":{\"name\":\"Lore\",\"@id\":\"https:\/\/vansichen.be\/de\/#\/schema\/person\/3c9fd2116401fe8dadd22a41f2be1444\"},\"headline\":\"Vansichen setzt Wachstum mit neuem Firmengeb\u00e4ude fort\",\"datePublished\":\"2022-11-15T11:18:57+00:00\",\"dateModified\":\"2022-11-22T11:00:12+00:00\",\"mainEntityOfPage\":{\"@id\":\"https:\/\/vansichen.be\/de\/neuigkeiten\/vansichen-neuem-firmengebaude\/\"},\"wordCount\":471,\"commentCount\":0,\"publisher\":{\"@id\":\"https:\/\/vansichen.be\/de\/#organization\"},\"image\":{\"@id\":\"https:\/\/vansichen.be\/de\/neuigkeiten\/vansichen-neuem-firmengebaude\/#primaryimage\"},\"thumbnailUrl\":\"https:\/\/vansichen.be\/wp-content\/uploads\/2022\/11\/Foto-vlnr-Pieter-Vera-Thomas-Maxime-3.jpg\",\"articleSection\":[\"NEUIGKEITEN\"],\"inLanguage\":\"de\",\"potentialAction\":[{\"@type\":\"CommentAction\",\"name\":\"Comment\",\"target\":[\"https:\/\/vansichen.be\/de\/neuigkeiten\/vansichen-neuem-firmengebaude\/#respond\"]}]},{\"@type\":\"WebPage\",\"@id\":\"https:\/\/vansichen.be\/de\/neuigkeiten\/vansichen-neuem-firmengebaude\/\",\"url\":\"https:\/\/vansichen.be\/de\/neuigkeiten\/vansichen-neuem-firmengebaude\/\",\"name\":\"Vansichen setzt Wachstum mit neuem Firmengeb\u00e4ude fort\",\"isPartOf\":{\"@id\":\"https:\/\/vansichen.be\/de\/#website\"},\"primaryImageOfPage\":{\"@id\":\"https:\/\/vansichen.be\/de\/neuigkeiten\/vansichen-neuem-firmengebaude\/#primaryimage\"},\"image\":{\"@id\":\"https:\/\/vansichen.be\/de\/neuigkeiten\/vansichen-neuem-firmengebaude\/#primaryimage\"},\"thumbnailUrl\":\"https:\/\/vansichen.be\/wp-content\/uploads\/2022\/11\/Foto-vlnr-Pieter-Vera-Thomas-Maxime-3.jpg\",\"datePublished\":\"2022-11-15T11:18:57+00:00\",\"dateModified\":\"2022-11-22T11:00:12+00:00\",\"description\":\"Vansichen zieht um. Es tauscht seine R\u00e4umlichkeiten am Ring von Hasselt gegen der Bedrijfsstraat in Kiewit. Mehr lesen!\",\"breadcrumb\":{\"@id\":\"https:\/\/vansichen.be\/de\/neuigkeiten\/vansichen-neuem-firmengebaude\/#breadcrumb\"},\"inLanguage\":\"de\",\"potentialAction\":[{\"@type\":\"ReadAction\",\"target\":[\"https:\/\/vansichen.be\/de\/neuigkeiten\/vansichen-neuem-firmengebaude\/\"]}]},{\"@type\":\"ImageObject\",\"inLanguage\":\"de\",\"@id\":\"https:\/\/vansichen.be\/de\/neuigkeiten\/vansichen-neuem-firmengebaude\/#primaryimage\",\"url\":\"https:\/\/vansichen.be\/wp-content\/uploads\/2022\/11\/Foto-vlnr-Pieter-Vera-Thomas-Maxime-3.jpg\",\"contentUrl\":\"https:\/\/vansichen.be\/wp-content\/uploads\/2022\/11\/Foto-vlnr-Pieter-Vera-Thomas-Maxime-3.jpg\",\"width\":1920,\"height\":1440,\"caption\":\"Vansichen neuem Firmengeb\u00e4ude\"},{\"@type\":\"BreadcrumbList\",\"@id\":\"https:\/\/vansichen.be\/de\/neuigkeiten\/vansichen-neuem-firmengebaude\/#breadcrumb\",\"itemListElement\":[{\"@type\":\"ListItem\",\"position\":1,\"name\":\"Home\",\"item\":\"https:\/\/vansichen.be\/de\/\"},{\"@type\":\"ListItem\",\"position\":2,\"name\":\"Vansichen setzt Wachstum mit neuem Firmengeb\u00e4ude fort\"}]},{\"@type\":\"WebSite\",\"@id\":\"https:\/\/vansichen.be\/de\/#website\",\"url\":\"https:\/\/vansichen.be\/de\/\",\"name\":\"Vansichen Linear Technology\",\"description\":\"\",\"publisher\":{\"@id\":\"https:\/\/vansichen.be\/de\/#organization\"},\"potentialAction\":[{\"@type\":\"SearchAction\",\"target\":{\"@type\":\"EntryPoint\",\"urlTemplate\":\"https:\/\/vansichen.be\/de\/?s={search_term_string}\"},\"query-input\":{\"@type\":\"PropertyValueSpecification\",\"valueRequired\":true,\"valueName\":\"search_term_string\"}}],\"inLanguage\":\"de\"},{\"@type\":\"Organization\",\"@id\":\"https:\/\/vansichen.be\/de\/#organization\",\"name\":\"Vansichen Linear Technology\",\"url\":\"https:\/\/vansichen.be\/de\/\",\"logo\":{\"@type\":\"ImageObject\",\"inLanguage\":\"de\",\"@id\":\"https:\/\/vansichen.be\/de\/#\/schema\/logo\/image\/\",\"url\":\"https:\/\/vansichen.be\/wp-content\/uploads\/2020\/03\/Vansichen_home_2020_4.png\",\"contentUrl\":\"https:\/\/vansichen.be\/wp-content\/uploads\/2020\/03\/Vansichen_home_2020_4.png\",\"width\":260,\"height\":44,\"caption\":\"Vansichen Linear Technology\"},\"image\":{\"@id\":\"https:\/\/vansichen.be\/de\/#\/schema\/logo\/image\/\"}},{\"@type\":\"Person\",\"@id\":\"https:\/\/vansichen.be\/de\/#\/schema\/person\/3c9fd2116401fe8dadd22a41f2be1444\",\"name\":\"Lore\",\"image\":{\"@type\":\"ImageObject\",\"inLanguage\":\"de\",\"@id\":\"https:\/\/vansichen.be\/de\/#\/schema\/person\/image\/\",\"url\":\"https:\/\/secure.gravatar.com\/avatar\/2ae71d2da2987c0d589c07da5e8631b64689fc12aabfeab87059faa1be02842d?s=96&d=mm&r=g\",\"contentUrl\":\"https:\/\/secure.gravatar.com\/avatar\/2ae71d2da2987c0d589c07da5e8631b64689fc12aabfeab87059faa1be02842d?s=96&d=mm&r=g\",\"caption\":\"Lore\"},\"url\":\"https:\/\/vansichen.be\/de\/author\/lore\/\"}]}<\/script>\n<!-- \/ Yoast SEO plugin. -->","yoast_head_json":{"title":"Vansichen setzt Wachstum mit neuem Firmengeb\u00e4ude fort","description":"Vansichen zieht um. Es tauscht seine R\u00e4umlichkeiten am Ring von Hasselt gegen der Bedrijfsstraat in Kiewit. Mehr lesen!","robots":{"index":"index","follow":"follow","max-snippet":"max-snippet:-1","max-image-preview":"max-image-preview:large","max-video-preview":"max-video-preview:-1"},"canonical":"https:\/\/vansichen.be\/de\/neuigkeiten\/vansichen-neuem-firmengebaude\/","og_locale":"de_DE","og_type":"article","og_title":"Vansichen setzt Wachstum mit neuem Firmengeb\u00e4ude fort","og_description":"Vansichen zieht um. Es tauscht seine R\u00e4umlichkeiten am Ring von Hasselt gegen der Bedrijfsstraat in Kiewit. Mehr lesen!","og_url":"https:\/\/vansichen.be\/de\/neuigkeiten\/vansichen-neuem-firmengebaude\/","og_site_name":"Vansichen Linear Technology","article_published_time":"2022-11-15T11:18:57+00:00","article_modified_time":"2022-11-22T11:00:12+00:00","og_image":[{"width":1920,"height":1440,"url":"https:\/\/vansichen.be\/wp-content\/uploads\/2022\/11\/Foto-vlnr-Pieter-Vera-Thomas-Maxime-3.jpg","type":"image\/jpeg"}],"author":"Lore","twitter_card":"summary_large_image","twitter_misc":{"Verfasst von":"Lore","Gesch\u00e4tzte Lesezeit":"2\u00a0Minuten"},"schema":{"@context":"https:\/\/schema.org","@graph":[{"@type":"Article","@id":"https:\/\/vansichen.be\/de\/neuigkeiten\/vansichen-neuem-firmengebaude\/#article","isPartOf":{"@id":"https:\/\/vansichen.be\/de\/neuigkeiten\/vansichen-neuem-firmengebaude\/"},"author":{"name":"Lore","@id":"https:\/\/vansichen.be\/de\/#\/schema\/person\/3c9fd2116401fe8dadd22a41f2be1444"},"headline":"Vansichen setzt Wachstum mit neuem Firmengeb\u00e4ude fort","datePublished":"2022-11-15T11:18:57+00:00","dateModified":"2022-11-22T11:00:12+00:00","mainEntityOfPage":{"@id":"https:\/\/vansichen.be\/de\/neuigkeiten\/vansichen-neuem-firmengebaude\/"},"wordCount":471,"commentCount":0,"publisher":{"@id":"https:\/\/vansichen.be\/de\/#organization"},"image":{"@id":"https:\/\/vansichen.be\/de\/neuigkeiten\/vansichen-neuem-firmengebaude\/#primaryimage"},"thumbnailUrl":"https:\/\/vansichen.be\/wp-content\/uploads\/2022\/11\/Foto-vlnr-Pieter-Vera-Thomas-Maxime-3.jpg","articleSection":["NEUIGKEITEN"],"inLanguage":"de","potentialAction":[{"@type":"CommentAction","name":"Comment","target":["https:\/\/vansichen.be\/de\/neuigkeiten\/vansichen-neuem-firmengebaude\/#respond"]}]},{"@type":"WebPage","@id":"https:\/\/vansichen.be\/de\/neuigkeiten\/vansichen-neuem-firmengebaude\/","url":"https:\/\/vansichen.be\/de\/neuigkeiten\/vansichen-neuem-firmengebaude\/","name":"Vansichen setzt Wachstum mit neuem Firmengeb\u00e4ude fort","isPartOf":{"@id":"https:\/\/vansichen.be\/de\/#website"},"primaryImageOfPage":{"@id":"https:\/\/vansichen.be\/de\/neuigkeiten\/vansichen-neuem-firmengebaude\/#primaryimage"},"image":{"@id":"https:\/\/vansichen.be\/de\/neuigkeiten\/vansichen-neuem-firmengebaude\/#primaryimage"},"thumbnailUrl":"https:\/\/vansichen.be\/wp-content\/uploads\/2022\/11\/Foto-vlnr-Pieter-Vera-Thomas-Maxime-3.jpg","datePublished":"2022-11-15T11:18:57+00:00","dateModified":"2022-11-22T11:00:12+00:00","description":"Vansichen zieht um. Es tauscht seine R\u00e4umlichkeiten am Ring von Hasselt gegen der Bedrijfsstraat in Kiewit. Mehr lesen!","breadcrumb":{"@id":"https:\/\/vansichen.be\/de\/neuigkeiten\/vansichen-neuem-firmengebaude\/#breadcrumb"},"inLanguage":"de","potentialAction":[{"@type":"ReadAction","target":["https:\/\/vansichen.be\/de\/neuigkeiten\/vansichen-neuem-firmengebaude\/"]}]},{"@type":"ImageObject","inLanguage":"de","@id":"https:\/\/vansichen.be\/de\/neuigkeiten\/vansichen-neuem-firmengebaude\/#primaryimage","url":"https:\/\/vansichen.be\/wp-content\/uploads\/2022\/11\/Foto-vlnr-Pieter-Vera-Thomas-Maxime-3.jpg","contentUrl":"https:\/\/vansichen.be\/wp-content\/uploads\/2022\/11\/Foto-vlnr-Pieter-Vera-Thomas-Maxime-3.jpg","width":1920,"height":1440,"caption":"Vansichen neuem Firmengeb\u00e4ude"},{"@type":"BreadcrumbList","@id":"https:\/\/vansichen.be\/de\/neuigkeiten\/vansichen-neuem-firmengebaude\/#breadcrumb","itemListElement":[{"@type":"ListItem","position":1,"name":"Home","item":"https:\/\/vansichen.be\/de\/"},{"@type":"ListItem","position":2,"name":"Vansichen setzt Wachstum mit neuem Firmengeb\u00e4ude fort"}]},{"@type":"WebSite","@id":"https:\/\/vansichen.be\/de\/#website","url":"https:\/\/vansichen.be\/de\/","name":"Vansichen Linear Technology","description":"","publisher":{"@id":"https:\/\/vansichen.be\/de\/#organization"},"potentialAction":[{"@type":"SearchAction","target":{"@type":"EntryPoint","urlTemplate":"https:\/\/vansichen.be\/de\/?s={search_term_string}"},"query-input":{"@type":"PropertyValueSpecification","valueRequired":true,"valueName":"search_term_string"}}],"inLanguage":"de"},{"@type":"Organization","@id":"https:\/\/vansichen.be\/de\/#organization","name":"Vansichen Linear Technology","url":"https:\/\/vansichen.be\/de\/","logo":{"@type":"ImageObject","inLanguage":"de","@id":"https:\/\/vansichen.be\/de\/#\/schema\/logo\/image\/","url":"https:\/\/vansichen.be\/wp-content\/uploads\/2020\/03\/Vansichen_home_2020_4.png","contentUrl":"https:\/\/vansichen.be\/wp-content\/uploads\/2020\/03\/Vansichen_home_2020_4.png","width":260,"height":44,"caption":"Vansichen Linear Technology"},"image":{"@id":"https:\/\/vansichen.be\/de\/#\/schema\/logo\/image\/"}},{"@type":"Person","@id":"https:\/\/vansichen.be\/de\/#\/schema\/person\/3c9fd2116401fe8dadd22a41f2be1444","name":"Lore","image":{"@type":"ImageObject","inLanguage":"de","@id":"https:\/\/vansichen.be\/de\/#\/schema\/person\/image\/","url":"https:\/\/secure.gravatar.com\/avatar\/2ae71d2da2987c0d589c07da5e8631b64689fc12aabfeab87059faa1be02842d?s=96&d=mm&r=g","contentUrl":"https:\/\/secure.gravatar.com\/avatar\/2ae71d2da2987c0d589c07da5e8631b64689fc12aabfeab87059faa1be02842d?s=96&d=mm&r=g","caption":"Lore"},"url":"https:\/\/vansichen.be\/de\/author\/lore\/"}]}},"_links":{"self":[{"href":"https:\/\/vansichen.be\/de\/wp-json\/wp\/v2\/posts\/12691","targetHints":{"allow":["GET"]}}],"collection":[{"href":"https:\/\/vansichen.be\/de\/wp-json\/wp\/v2\/posts"}],"about":[{"href":"https:\/\/vansichen.be\/de\/wp-json\/wp\/v2\/types\/post"}],"author":[{"embeddable":true,"href":"https:\/\/vansichen.be\/de\/wp-json\/wp\/v2\/users\/4"}],"replies":[{"embeddable":true,"href":"https:\/\/vansichen.be\/de\/wp-json\/wp\/v2\/comments?post=12691"}],"version-history":[{"count":5,"href":"https:\/\/vansichen.be\/de\/wp-json\/wp\/v2\/posts\/12691\/revisions"}],"predecessor-version":[{"id":12879,"href":"https:\/\/vansichen.be\/de\/wp-json\/wp\/v2\/posts\/12691\/revisions\/12879"}],"wp:featuredmedia":[{"embeddable":true,"href":"https:\/\/vansichen.be\/de\/wp-json\/wp\/v2\/media\/12724"}],"wp:attachment":[{"href":"https:\/\/vansichen.be\/de\/wp-json\/wp\/v2\/media?parent=12691"}],"wp:term":[{"taxonomy":"category","embeddable":true,"href":"https:\/\/vansichen.be\/de\/wp-json\/wp\/v2\/categories?post=12691"},{"taxonomy":"post_tag","embeddable":true,"href":"https:\/\/vansichen.be\/de\/wp-json\/wp\/v2\/tags?post=12691"}],"curies":[{"name":"wp","href":"https:\/\/api.w.org\/{rel}","templated":true}]}}