{"id":17174,"date":"2024-02-19T10:37:54","date_gmt":"2024-02-19T10:37:54","guid":{"rendered":"https:\/\/vansichen.be\/?p=17174"},"modified":"2024-02-19T10:37:55","modified_gmt":"2024-02-19T10:37:55","slug":"neue-adresse-bedrijfsstraat-kiewit","status":"publish","type":"post","link":"https:\/\/vansichen.be\/de\/neuigkeiten\/neue-adresse-bedrijfsstraat-kiewit","title":{"rendered":"Neue adresse: Bedrijfsstraat 28, Kiewit"},"content":{"rendered":"<div class=\"wpb-content-wrapper\"><p>[vc_row][vc_column width=&#8220;5\/6&#8243;][vc_column_text]<em>Wir sind umgezogen! Neue Adresse: Bedrijfsstraat 28, Kiewit. Im Dezember 2023 verl\u00e4sst Vansichen Linear Technology den Herkenrodesingel und zieht in die B\u00fcros in der Bedrijfsstraat in Kiewit (Hasselt). Was fr\u00fcher eine Waffelfabrik war, ist heute ein modernes Gesch\u00e4ftsgeb\u00e4ude mit Lagerhallen.<\/em><\/p>\n<p><strong>In Kiewit, umgeben von Gr\u00fcn und entlang des Corda Campus<\/strong><\/p>\n<p>\u201eEine ehemalige Waffelfabrik in der Bedrijfsstraat in Kiewit erwies sich als idealer Standort, um sowohl unser B\u00fcro als auch unser Lager unterzubringen\u201c, sagt Thomas Vansichen. \u201eNicht nur der Standort hat uns \u00fcberzeugt, auch das Potenzial des Grundst\u00fccks spielte eine Rolle. Zum Beispiel sind wir jetzt 25 Mitarbeiter, aber es ist Platz f\u00fcr 40 geplant. Au\u00dferdem sind wir von viel Gr\u00fcn umgeben &amp; der <a href=\"https:\/\/www.cordacampus.com\/en\/\" target=\"_blank\" rel=\"noopener\">Corda Campus<\/a> ist nur einen Steinwurf von uns entfernt.\u201c<\/p>\n<p><strong>Bequemes &amp; modernes B\u00fcro<\/strong><\/p>\n<p>\u201eDie neuen B\u00fcros sind mit allem Komfort ausgestattet. Im gesamten Geb\u00e4ude wurden Glaselemente verwendet. Dies wurde bewusst gew\u00e4hlt, um das Gef\u00fchl von Weite mit Ruhe zu verbinden\u201c, erkl\u00e4rt Vera.<\/p>\n<p>\u201eAu\u00dferdem gibt es \u00fcberdachte Fahrradabstellpl\u00e4tze, und Elektrofahrr\u00e4der k\u00f6nnen im Geb\u00e4ude aufgeladen werden. Da viele Mitarbeiter mit dem Fahrrad pendeln, haben wir Duschen eingerichtet, damit sie sich bei ihrer Ankunft frisch machen k\u00f6nnen. Auch f\u00fcr Ladestationen f\u00fcr Elektroautos wurde gesorgt.\u201c<\/p>\n<p><strong>Gr\u00fcne Umgebung, gr\u00fcne B\u00fcros<\/strong><\/p>\n<p>\u201eNachhaltigkeit war auch beim Bau der neuen B\u00fcros ein Thema. Wir k\u00fchlen und heizen zum Beispiel mit einer geothermischen Anlage, f\u00fcr die 11 Bodenbohrungen von 145 Metern Tiefe vorgenommen wurden. Alles ist nach den neuesten Standards isoliert, es gibt eine W\u00e4rmepumpe und auf dem Dach befinden sich mehr als 200 Sonnenkollektoren. Au\u00dferdem haben wir versucht, mit so vielen lokalen (Limburger) Unternehmen wie m\u00f6glich zusammenzuarbeiten. Zum Beispiel <a href=\"https:\/\/www.jaraco.be\/\" target=\"_blank\" rel=\"noopener\">Jaraco<\/a> f\u00fcr den Rohbau, <a href=\"https:\/\/www.lenp.be\/\" target=\"_blank\" rel=\"noopener\">L&amp;P<\/a> f\u00fcr die Innenausstattung und <a href=\"https:\/\/www.kreon.com\/nl\/international\/home\" target=\"_blank\" rel=\"noopener\">Kreon<\/a> f\u00fcr die Beleuchtung und die Klimadecke\u201c, sagt Thomas abschlie\u00dfend.[\/vc_column_text][vc_row_inner][vc_column_inner width=&#8220;1\/2&#8243;][vc_single_image image=&#8220;17212&#8243; img_size=&#8220;400&#215;300&#8243; onclick=&#8220;link_image&#8220;][\/vc_column_inner][vc_column_inner width=&#8220;1\/2&#8243;][vc_single_image image=&#8220;17207&#8243; img_size=&#8220;400&#215;300&#8243; onclick=&#8220;link_image&#8220;][\/vc_column_inner][\/vc_row_inner][vc_row_inner][vc_column_inner width=&#8220;1\/2&#8243;][vc_column_text]<strong>Identikit<\/strong><\/p>\n<ul>\n<li>Vollst\u00e4ndiges Terrain: 42 Ar<\/li>\n<li>Lagerh\u00e4user: 420 m\u00b2 + 710 m\u00b2<\/li>\n<li>B\u00fcro: 1150 m\u00b2<\/li>\n<li>Sonnenkollektoren: 224 Einheiten<\/li>\n<li>Geothermie: 11 Bodenbohrungen von 145 m Tiefe<\/li>\n<\/ul>\n<p>[\/vc_column_text][\/vc_column_inner][vc_column_inner width=&#8220;1\/2&#8243;][vc_column_text]<strong>Bequemes &amp; modernes B\u00fcro<\/strong><\/p>\n<ul>\n<li>Mehr als 40 Schreibtischpl\u00e4tze<\/li>\n<li>6 Tagungsr\u00e4ume<\/li>\n<li>Speisesaal mit Bar und Terrasse<\/li>\n<li>3 Duschen<\/li>\n<li>\u00dcberdachte Fahrradabstellpl\u00e4tze<\/li>\n<li>30 Stellpl\u00e4tze, davon 4 mit Ladestation<\/li>\n<\/ul>\n<p>[\/vc_column_text][\/vc_column_inner][\/vc_row_inner][\/vc_column][vc_column width=&#8220;1\/6&#8243;][\/vc_column][\/vc_row][vc_row][vc_column][vc_empty_space][\/vc_column][\/vc_row]<\/p>\n<\/div>","protected":false},"excerpt":{"rendered":"<p>[vc_row][vc_column width=&#8220;5\/6&#8243;][vc_column_text]Wir sind umgezogen! Neue Adresse: Bedrijfsstraat 28, Kiewit. Im Dezember 2023 verl\u00e4sst Vansichen Linear Technology den Herkenrodesingel und zieht<span class=\"excerpt-hellip\"> [\u2026]<\/span><\/p>\n","protected":false},"author":4,"featured_media":17212,"comment_status":"open","ping_status":"open","sticky":false,"template":"","format":"standard","meta":{"rs_blank_template":"","rs_page_bg_color":"","slide_template_v7":"","inline_featured_image":false,"footnotes":""},"categories":[42],"tags":[],"class_list":["post-17174","post","type-post","status-publish","format-standard","has-post-thumbnail","hentry","category-neuigkeiten"],"_links":{"self":[{"href":"https:\/\/vansichen.be\/de\/wp-json\/wp\/v2\/posts\/17174","targetHints":{"allow":["GET"]}}],"collection":[{"href":"https:\/\/vansichen.be\/de\/wp-json\/wp\/v2\/posts"}],"about":[{"href":"https:\/\/vansichen.be\/de\/wp-json\/wp\/v2\/types\/post"}],"author":[{"embeddable":true,"href":"https:\/\/vansichen.be\/de\/wp-json\/wp\/v2\/users\/4"}],"replies":[{"embeddable":true,"href":"https:\/\/vansichen.be\/de\/wp-json\/wp\/v2\/comments?post=17174"}],"version-history":[{"count":3,"href":"https:\/\/vansichen.be\/de\/wp-json\/wp\/v2\/posts\/17174\/revisions"}],"predecessor-version":[{"id":17216,"href":"https:\/\/vansichen.be\/de\/wp-json\/wp\/v2\/posts\/17174\/revisions\/17216"}],"wp:featuredmedia":[{"embeddable":true,"href":"https:\/\/vansichen.be\/de\/wp-json\/wp\/v2\/media\/17212"}],"wp:attachment":[{"href":"https:\/\/vansichen.be\/de\/wp-json\/wp\/v2\/media?parent=17174"}],"wp:term":[{"taxonomy":"category","embeddable":true,"href":"https:\/\/vansichen.be\/de\/wp-json\/wp\/v2\/categories?post=17174"},{"taxonomy":"post_tag","embeddable":true,"href":"https:\/\/vansichen.be\/de\/wp-json\/wp\/v2\/tags?post=17174"}],"curies":[{"name":"wp","href":"https:\/\/api.w.org\/{rel}","templated":true}]}}